{"id":7116,"date":"2026-01-21T17:22:06","date_gmt":"2026-01-21T17:22:06","guid":{"rendered":"https:\/\/paradalamanzana.com\/?p=7116"},"modified":"2026-01-21T17:23:09","modified_gmt":"2026-01-21T17:23:09","slug":"alianza-estrategica-para-fortalecer-el-turismo-en-samana-sector-turistico-y-prensa-especializada-unen-esfuerzos","status":"publish","type":"post","link":"https:\/\/paradalamanzana.com\/?p=7116","title":{"rendered":"Alianza estrat\u00e9gica para fortalecer el turismo en Saman\u00e1: sector tur\u00edstico y prensa especializada unen esfuerzos"},"content":{"rendered":"<section class=\"brando-row-1 no-padding margin-four-bottom\"><div class=\"container\"><div class=\"row\"><div class=\"wpb_column brando-column-container brando-column-1 vc_col-sm-6 vc_col-md-6 vc_col-xs-12 no-padding-left xs-no-padding margin-four-bottom\" data-front-class=\"brando-column-container brando-column-1 no-padding-left xs-no-padding margin-four-bottom\"><div class=\"vc-column-innner-wrapper\"><div class=\"wpd-innner-wrapper\"><img loading=\"lazy\" decoding=\"async\" width=\"576\" height=\"1024\" src=\"https:\/\/paradalamanzana.com\/wp-content\/uploads\/2026\/01\/114acb6b-de67-421d-8b22-139e7f7af254-576x1024-1.jpeg\" class=\"brando-image-1\" alt=\"\" style=\"\" id=\"\" srcset=\"https:\/\/paradalamanzana.com\/wp-content\/uploads\/2026\/01\/114acb6b-de67-421d-8b22-139e7f7af254-576x1024-1.jpeg 576w, https:\/\/paradalamanzana.com\/wp-content\/uploads\/2026\/01\/114acb6b-de67-421d-8b22-139e7f7af254-576x1024-1-169x300.jpeg 169w, https:\/\/paradalamanzana.com\/wp-content\/uploads\/2026\/01\/114acb6b-de67-421d-8b22-139e7f7af254-576x1024-1-420x747.jpeg 420w, https:\/\/paradalamanzana.com\/wp-content\/uploads\/2026\/01\/114acb6b-de67-421d-8b22-139e7f7af254-576x1024-1-394x700.jpeg 394w, https:\/\/paradalamanzana.com\/wp-content\/uploads\/2026\/01\/114acb6b-de67-421d-8b22-139e7f7af254-576x1024-1-65x116.jpeg 65w\" sizes=\"auto, (max-width: 576px) 100vw, 576px\" \/><\/div><\/div><\/div><div class=\"wpb_column brando-column-container brando-column-2 vc_col-sm-6 vc_col-md-6 col-xs-mobile-fullwidth no-padding-right xs-no-padding margin-four-bottom\" data-front-class=\"brando-column-container brando-column-2 col-xs-mobile-fullwidth no-padding-right xs-no-padding margin-four-bottom\"><div class=\"vc-column-innner-wrapper\"><div class=\"wpd-innner-wrapper\"><div class=\"brando-text-1\"><p>El desarrollo tur\u00edstico de Saman\u00e1 contin\u00faa fortaleci\u00e9ndose gracias a la colaboraci\u00f3n entre los principales actores del sector. Recientemente<\/p>\n<\/div><div class=\"brando-text-2\"><p class=\"margin-ten no-margin-lr no-margin-top\">El <strong data-start=\"597\" data-end=\"628\">Cl\u00faster Tur\u00edstico de Saman\u00e1<\/strong> y la <strong data-start=\"634\" data-end=\"680\">Asociaci\u00f3n de Hoteles Tur\u00edsticos de Saman\u00e1<\/strong> sostuvieron un encuentro estrat\u00e9gico con la <strong data-start=\"725\" data-end=\"798\">Asociaci\u00f3n Dominicana de Prensa Tur\u00edstica (ADOMPRETUR), filial Saman\u00e1<\/strong>, con el objetivo de consolidar alianzas y coordinar acciones que impulsen el crecimiento sostenible del destino.<\/p>\n<p data-start=\"913\" data-end=\"1201\">La reuni\u00f3n se llev\u00f3 a cabo durante un almuerzo celebrado en el <strong data-start=\"976\" data-end=\"1009\">Hotel Bah\u00eda Pr\u00edncipe Portillo<\/strong>, un espacio que sirvi\u00f3 como escenario para el di\u00e1logo abierto, el intercambio de ideas y la planificaci\u00f3n conjunta entre representantes del sector privado y la prensa tur\u00edstica especializada.<\/p>\n<p data-start=\"1203\" data-end=\"1268\"><strong data-start=\"1203\" data-end=\"1268\">Un encuentro clave para el posicionamiento del destino Saman\u00e1<\/strong><\/p>\n<p data-start=\"1270\" data-end=\"1747\">Durante el encuentro, se abordaron diversas <strong data-start=\"1314\" data-end=\"1385\">estrategias orientadas a potenciar la industria tur\u00edstica de Saman\u00e1<\/strong>, destacando la importancia de la comunicaci\u00f3n, la promoci\u00f3n responsable y la proyecci\u00f3n del destino tanto a nivel nacional como internacional. La participaci\u00f3n de ADOMPRETUR resulta fundamental en este proceso, ya que la prensa tur\u00edstica cumple un rol clave en la difusi\u00f3n de la oferta, los valores culturales y las experiencias aut\u00e9nticas que ofrece la regi\u00f3n.<\/p>\n<\/div><\/div><\/div><\/div><div class=\"wpb_column brando-column-container brando-column-3 vc_col-sm-12 vc_col-md-12 vc_col-xs-12 no-padding\" data-front-class=\"brando-column-container brando-column-3 no-padding\"><div class=\"vc-column-innner-wrapper\"><div class=\"wpd-innner-wrapper\"><div class=\"brando-text-3\"><p data-start=\"1749\" data-end=\"2016\">El encuentro fue encabezado por <strong data-start=\"1781\" data-end=\"1796\">Javier Lara<\/strong>, presidente del Cl\u00faster Tur\u00edstico de Saman\u00e1, acompa\u00f1ado por miembros de su junta directiva, quienes reiteraron el compromiso del cl\u00faster con el desarrollo ordenado, sostenible y colaborativo del turismo en la provincia.<\/p>\n<p data-start=\"2018\" data-end=\"2376\">Por parte de la <strong data-start=\"2034\" data-end=\"2094\">Asociaci\u00f3n Dominicana de Prensa Tur\u00edstica, filial Saman\u00e1<\/strong>, participaron su secretario general, <strong data-start=\"2132\" data-end=\"2148\">Pedro Javier<\/strong>, junto a otros miembros de la directiva, reafirmando la disposici\u00f3n de la prensa especializada de trabajar de la mano con el sector tur\u00edstico para fortalecer la imagen de Saman\u00e1 como un destino diverso, aut\u00e9ntico y competitivo.<\/p>\n<p data-start=\"2378\" data-end=\"2444\"><strong data-start=\"2378\" data-end=\"2444\">La importancia de la colaboraci\u00f3n entre turismo y comunicaci\u00f3n<\/strong><\/p>\n<p data-start=\"2446\" data-end=\"2745\">La sinergia entre el sector tur\u00edstico y la prensa especializada permite construir un discurso coherente y alineado sobre el destino, resaltando no solo los grandes hoteles y atractivos conocidos, sino tambi\u00e9n las experiencias locales, comunitarias y ecotur\u00edsticas que enriquecen la oferta de Saman\u00e1.<\/p>\n<p data-start=\"2747\" data-end=\"2985\">Este tipo de encuentros contribuye a una promoci\u00f3n m\u00e1s estrat\u00e9gica del destino, basada en informaci\u00f3n veraz, experiencias reales y narrativas que conectan con viajeros interesados en naturaleza, cultura, gastronom\u00eda y turismo responsable.<\/p>\n<p data-start=\"2987\" data-end=\"3032\"><strong data-start=\"2987\" data-end=\"3032\">Saman\u00e1 como destino integral y sostenible<\/strong><\/p>\n<p data-start=\"3034\" data-end=\"3487\">Saman\u00e1 se ha posicionado en los \u00faltimos a\u00f1os como uno de los destinos m\u00e1s completos de la Rep\u00fablica Dominicana, gracias a su combinaci\u00f3n de playas, monta\u00f1as, cascadas, biodiversidad, cultura local y hospitalidad. El trabajo conjunto entre el Cl\u00faster Tur\u00edstico, las asociaciones hoteleras, los medios especializados y los emprendimientos locales es clave para garantizar un crecimiento equilibrado que beneficie tanto a visitantes como a las comunidades.<\/p>\n<p data-start=\"3489\" data-end=\"3709\">Desde iniciativas de promoci\u00f3n hasta el fortalecimiento de la oferta tur\u00edstica, estas alianzas permiten proyectar una imagen s\u00f3lida del destino, alineada con las tendencias actuales del turismo sostenible y experiencial.<\/p>\n<p data-start=\"3711\" data-end=\"3759\"><strong data-start=\"3711\" data-end=\"3759\">Compromiso con el desarrollo tur\u00edstico local<\/strong><\/p>\n<p data-start=\"3761\" data-end=\"4120\">En Parada La Manzana valoramos y respaldamos este tipo de iniciativas que fomentan la colaboraci\u00f3n y el desarrollo del turismo en Saman\u00e1. Como parte del ecosistema tur\u00edstico local, creemos firmemente en la importancia de trabajar unidos para ofrecer experiencias aut\u00e9nticas, responsables y de alta calidad, que reflejen la verdadera esencia de nuestra regi\u00f3n.<\/p>\n<p data-start=\"4122\" data-end=\"4293\">Este tipo de encuentros refuerza la visi\u00f3n compartida de un Saman\u00e1 fuerte, organizado y preparado para seguir creciendo como uno de los destinos m\u00e1s atractivos del Caribe.<\/p>\n<\/div><\/div><\/div><\/div><\/div><\/div><\/section>","protected":false},"excerpt":{"rendered":"<p>El desarrollo tur\u00edstico de Saman\u00e1 contin\u00faa fortaleci\u00e9ndose gracias a la colaboraci\u00f3n entre los principales actores del sector. Recientemente El Cl\u00faster Tur\u00edstico de Saman\u00e1 y la Asociaci\u00f3n de Hoteles Tur\u00edsticos de Saman\u00e1 sostuvieron un encuentro estrat\u00e9gico con la Asociaci\u00f3n Dominicana de Prensa Tur\u00edstica (ADOMPRETUR), filial Saman\u00e1, con el objetivo de consolidar alianzas y coordinar acciones que [&hellip;]<\/p>\n","protected":false},"author":2,"featured_media":7118,"comment_status":"open","ping_status":"open","sticky":false,"template":"","format":"standard","meta":{"_joinchat":[],"footnotes":""},"categories":[18],"tags":[],"class_list":["post-7116","post","type-post","status-publish","format-standard","has-post-thumbnail","hentry","category-turismo-en-samana"],"_links":{"self":[{"href":"https:\/\/paradalamanzana.com\/index.php?rest_route=\/wp\/v2\/posts\/7116","targetHints":{"allow":["GET"]}}],"collection":[{"href":"https:\/\/paradalamanzana.com\/index.php?rest_route=\/wp\/v2\/posts"}],"about":[{"href":"https:\/\/paradalamanzana.com\/index.php?rest_route=\/wp\/v2\/types\/post"}],"author":[{"embeddable":true,"href":"https:\/\/paradalamanzana.com\/index.php?rest_route=\/wp\/v2\/users\/2"}],"replies":[{"embeddable":true,"href":"https:\/\/paradalamanzana.com\/index.php?rest_route=%2Fwp%2Fv2%2Fcomments&post=7116"}],"version-history":[{"count":3,"href":"https:\/\/paradalamanzana.com\/index.php?rest_route=\/wp\/v2\/posts\/7116\/revisions"}],"predecessor-version":[{"id":7121,"href":"https:\/\/paradalamanzana.com\/index.php?rest_route=\/wp\/v2\/posts\/7116\/revisions\/7121"}],"wp:featuredmedia":[{"embeddable":true,"href":"https:\/\/paradalamanzana.com\/index.php?rest_route=\/wp\/v2\/media\/7118"}],"wp:attachment":[{"href":"https:\/\/paradalamanzana.com\/index.php?rest_route=%2Fwp%2Fv2%2Fmedia&parent=7116"}],"wp:term":[{"taxonomy":"category","embeddable":true,"href":"https:\/\/paradalamanzana.com\/index.php?rest_route=%2Fwp%2Fv2%2Fcategories&post=7116"},{"taxonomy":"post_tag","embeddable":true,"href":"https:\/\/paradalamanzana.com\/index.php?rest_route=%2Fwp%2Fv2%2Ftags&post=7116"}],"curies":[{"name":"wp","href":"https:\/\/api.w.org\/{rel}","templated":true}]}}